{"id":1852,"date":"2021-07-15T11:53:49","date_gmt":"2021-07-15T11:53:49","guid":{"rendered":"https:\/\/www.mynametags.pt\/blog\/?p=1852"},"modified":"2022-06-22T15:05:30","modified_gmt":"2022-06-22T15:05:30","slug":"ferias-de-verao-atividades-divertidas-para-fazer-com-as-criancas","status":"publish","type":"post","link":"https:\/\/www.mynametags.pt\/blog\/ferias-de-verao-atividades-divertidas-para-fazer-com-as-criancas\/","title":{"rendered":"F\u00e9rias de ver\u00e3o &#8211; Atividades divertidas para fazer com as crian\u00e7as"},"content":{"rendered":"\n<figure class=\"wp-block-image size-large\"><img fetchpriority=\"high\" decoding=\"async\" width=\"800\" height=\"800\" src=\"https:\/\/www.mynametags.pt\/blog\/wp-content\/uploads\/2021\/07\/july_blogpost_pt.jpg\" alt=\"\" class=\"wp-image-1853\" srcset=\"https:\/\/www.mynametags.pt\/blog\/wp-content\/uploads\/2021\/07\/july_blogpost_pt.jpg 800w, https:\/\/www.mynametags.pt\/blog\/wp-content\/uploads\/2021\/07\/july_blogpost_pt-300x300.jpg 300w, https:\/\/www.mynametags.pt\/blog\/wp-content\/uploads\/2021\/07\/july_blogpost_pt-150x150.jpg 150w, https:\/\/www.mynametags.pt\/blog\/wp-content\/uploads\/2021\/07\/july_blogpost_pt-768x768.jpg 768w\" sizes=\"(max-width: 800px) 100vw, 800px\" \/><\/figure>\n\n\n\n<p>As f\u00e9rias de ver\u00e3o est\u00e3o quase a\u00ed, seja o seu ver\u00e3o repleto de a\u00e7\u00e3o ou descontra\u00eddo, temos algumas ideias para ajudar a manter as crian\u00e7as felizes e entretidas.<\/p>\n\n\n\n<h3 class=\"wp-block-heading\"><strong>Ir \u00e0 praia<\/strong><\/h3>\n\n\n\n<p>O que poderia ser mais divertido do que um dia na praia?! Sempre um favorito das crian\u00e7as, v\u00e3o adorar construir castelos de areia, nadar no mar e estar ao sol e ao ar livre.<\/p>\n\n\n\n<h3 class=\"wp-block-heading\"><strong>Fazer um piquenique<\/strong><\/h3>\n\n\n\n<p>Desfrute de um lindo dia ao sol com a fam\u00edlia e amigos. Leve as crian\u00e7as para um local pitoresco com todos os seus petiscos preferidos, aproveite o ar livre e d\u00ea uma longa caminhada para queimar um pouco da energia extra. Confira para se <a href=\"https:\/\/anamariabraga.globo.com\/materias\/receitas-e-dicas-para-piquenique-com-criancas\">inspirar<\/a>.<\/p>\n\n\n\n<h3 class=\"wp-block-heading\"><strong>Experimente fazer sobremesas, como gelado<\/strong><\/h3>\n\n\n\n<p>Durante o ver\u00e3o tem que sempre haver gelado. Sabia que \u00e9 surpreendentemente f\u00e1cil fazer o seu? As crian\u00e7as v\u00e3o adorar estarem envolvidos no processo do in\u00edcio ao fim e com certeza v\u00e3o adorar com\u00ea-lo! Pode encontrar muitas <a href=\"https:\/\/www.vidaativa.pt\/gelados-caseiros\/\">receitas f\u00e1ceis de gelado online<\/a>, como estas <\/p>\n\n\n\n<h3 class=\"wp-block-heading\"><strong>Defina um desafio<\/strong><\/h3>\n\n\n\n<p>Pode ser algo t\u00e3o simples como chegar a dez mil passos por dia, aprender uma nova rotina de dan\u00e7a ou at\u00e9 mesmo ler o seu livro preferido. Os pais podem tornar o desafio educacional, mais f\u00edsico ou ambos se quiserem! Definir pequenos desafios durante as f\u00e9rias de ver\u00e3o \u00e9 uma \u00f3tima maneira de manter as crian\u00e7as envolvidas e focadas em algo enquanto est\u00e3o de f\u00e9rias.<\/p>\n\n\n\n<p>E, n\u00e3o se esque\u00e7a, quando estiverem prontos para voltar \u00e0s aulas, estaremos aqui para resolver todas as suas necessidades de etiquetagem!<\/p>\n\n\n\n<p>Siga-nos no <a href=\"https:\/\/www.facebook.com\/MyNametagsPortugal\/\">Facebook<\/a> e<a href=\"https:\/\/www.instagram.com\/etiquetas_my_nametags\/\"> Instagram<\/a> para estar a par de todas novidades, competi\u00e7\u00f5es e inspira\u00e7\u00e3o.<\/p>\n","protected":false},"excerpt":{"rendered":"<p>As f\u00e9rias de ver\u00e3o est\u00e3o quase a\u00ed, seja o seu ver\u00e3o repleto de a\u00e7\u00e3o ou descontra\u00eddo, temos algumas ideias para ajudar a manter as crian\u00e7as felizes e entretidas. Ir \u00e0 praia O que poderia ser mais divertido do que um dia na praia?! Sempre um favorito das crian\u00e7as, v\u00e3o adorar construir castelos de areia, nadar [&hellip;]<\/p>\n","protected":false},"author":1,"featured_media":0,"comment_status":"closed","ping_status":"open","sticky":false,"template":"","format":"standard","meta":{"ocean_post_layout":"","ocean_both_sidebars_style":"","ocean_both_sidebars_content_width":0,"ocean_both_sidebars_sidebars_width":0,"ocean_sidebar":"","ocean_second_sidebar":"","ocean_disable_margins":"enable","ocean_add_body_class":"","ocean_shortcode_before_top_bar":"","ocean_shortcode_after_top_bar":"","ocean_shortcode_before_header":"","ocean_shortcode_after_header":"","ocean_has_shortcode":"","ocean_shortcode_after_title":"","ocean_shortcode_before_footer_widgets":"","ocean_shortcode_after_footer_widgets":"","ocean_shortcode_before_footer_bottom":"","ocean_shortcode_after_footer_bottom":"","ocean_display_top_bar":"default","ocean_display_header":"default","ocean_header_style":"","ocean_center_header_left_menu":"","ocean_custom_header_template":"","ocean_custom_logo":0,"ocean_custom_retina_logo":0,"ocean_custom_logo_max_width":0,"ocean_custom_logo_tablet_max_width":0,"ocean_custom_logo_mobile_max_width":0,"ocean_custom_logo_max_height":0,"ocean_custom_logo_tablet_max_height":0,"ocean_custom_logo_mobile_max_height":0,"ocean_header_custom_menu":"","ocean_menu_typo_font_family":"","ocean_menu_typo_font_subset":"","ocean_menu_typo_font_size":0,"ocean_menu_typo_font_size_tablet":0,"ocean_menu_typo_font_size_mobile":0,"ocean_menu_typo_font_size_unit":"px","ocean_menu_typo_font_weight":"","ocean_menu_typo_font_weight_tablet":"","ocean_menu_typo_font_weight_mobile":"","ocean_menu_typo_transform":"","ocean_menu_typo_transform_tablet":"","ocean_menu_typo_transform_mobile":"","ocean_menu_typo_line_height":0,"ocean_menu_typo_line_height_tablet":0,"ocean_menu_typo_line_height_mobile":0,"ocean_menu_typo_line_height_unit":"","ocean_menu_typo_spacing":0,"ocean_menu_typo_spacing_tablet":0,"ocean_menu_typo_spacing_mobile":0,"ocean_menu_typo_spacing_unit":"","ocean_menu_link_color":"","ocean_menu_link_color_hover":"","ocean_menu_link_color_active":"","ocean_menu_link_background":"","ocean_menu_link_hover_background":"","ocean_menu_link_active_background":"","ocean_menu_social_links_bg":"","ocean_menu_social_hover_links_bg":"","ocean_menu_social_links_color":"","ocean_menu_social_hover_links_color":"","ocean_disable_title":"default","ocean_disable_heading":"default","ocean_post_title":"","ocean_post_subheading":"","ocean_post_title_style":"","ocean_post_title_background_color":"","ocean_post_title_background":0,"ocean_post_title_bg_image_position":"","ocean_post_title_bg_image_attachment":"","ocean_post_title_bg_image_repeat":"","ocean_post_title_bg_image_size":"","ocean_post_title_height":0,"ocean_post_title_bg_overlay":0.5,"ocean_post_title_bg_overlay_color":"","ocean_disable_breadcrumbs":"default","ocean_breadcrumbs_color":"","ocean_breadcrumbs_separator_color":"","ocean_breadcrumbs_links_color":"","ocean_breadcrumbs_links_hover_color":"","ocean_display_footer_widgets":"default","ocean_display_footer_bottom":"default","ocean_custom_footer_template":"","ocean_post_oembed":"","ocean_post_self_hosted_media":"","ocean_post_video_embed":"","ocean_link_format":"","ocean_link_format_target":"self","ocean_quote_format":"","ocean_quote_format_link":"post","ocean_gallery_link_images":"on","ocean_gallery_id":[],"footnotes":""},"categories":[161,9],"tags":[],"class_list":["post-1852","post","type-post","status-publish","format-standard","hentry","category-children","category-holidays","entry"],"yoast_head":"<!-- This site is optimized with the Yoast SEO plugin v24.2 - https:\/\/yoast.com\/wordpress\/plugins\/seo\/ -->\n<title>F\u00e9rias de ver\u00e3o - Atividades divertidas para fazer com as crian\u00e7as - My Nametags PT Blog<\/title>\n<meta name=\"description\" content=\"F\u00e9rias de ver\u00e3o - Atividades divertidas para fazer com as crian\u00e7as\" \/>\n<meta name=\"robots\" content=\"index, follow, max-snippet:-1, max-image-preview:large, max-video-preview:-1\" \/>\n<link rel=\"canonical\" href=\"https:\/\/www.mynametags.pt\/blog\/ferias-de-verao-atividades-divertidas-para-fazer-com-as-criancas\/\" \/>\n<meta property=\"og:locale\" content=\"en_GB\" \/>\n<meta property=\"og:type\" content=\"article\" \/>\n<meta property=\"og:title\" content=\"F\u00e9rias de ver\u00e3o - Atividades divertidas para fazer com as crian\u00e7as - My Nametags PT Blog\" \/>\n<meta property=\"og:description\" content=\"F\u00e9rias de ver\u00e3o - Atividades divertidas para fazer com as crian\u00e7as\" \/>\n<meta property=\"og:url\" content=\"https:\/\/www.mynametags.pt\/blog\/ferias-de-verao-atividades-divertidas-para-fazer-com-as-criancas\/\" \/>\n<meta property=\"og:site_name\" content=\"My Nametags PT Blog\" \/>\n<meta property=\"article:publisher\" content=\"https:\/\/www.facebook.com\/MyNametags\" \/>\n<meta property=\"article:published_time\" content=\"2021-07-15T11:53:49+00:00\" \/>\n<meta property=\"article:modified_time\" content=\"2022-06-22T15:05:30+00:00\" \/>\n<meta property=\"og:image\" content=\"https:\/\/www.mynametags.pt\/blog\/wp-content\/uploads\/2021\/07\/july_blogpost_pt.jpg\" \/>\n\t<meta property=\"og:image:width\" content=\"800\" \/>\n\t<meta property=\"og:image:height\" content=\"800\" \/>\n\t<meta property=\"og:image:type\" content=\"image\/jpeg\" \/>\n<meta name=\"author\" content=\"admin\" \/>\n<meta name=\"twitter:card\" content=\"summary_large_image\" \/>\n<meta name=\"twitter:creator\" content=\"@MyNametags\" \/>\n<meta name=\"twitter:site\" content=\"@MyNametags\" \/>\n<meta name=\"twitter:label1\" content=\"Written by\" \/>\n\t<meta name=\"twitter:data1\" content=\"admin\" \/>\n\t<meta name=\"twitter:label2\" content=\"Estimated reading time\" \/>\n\t<meta name=\"twitter:data2\" content=\"1 minute\" \/>\n<script type=\"application\/ld+json\" class=\"yoast-schema-graph\">{\"@context\":\"https:\/\/schema.org\",\"@graph\":[{\"@type\":\"WebPage\",\"@id\":\"https:\/\/www.mynametags.pt\/blog\/ferias-de-verao-atividades-divertidas-para-fazer-com-as-criancas\/\",\"url\":\"https:\/\/www.mynametags.pt\/blog\/ferias-de-verao-atividades-divertidas-para-fazer-com-as-criancas\/\",\"name\":\"F\u00e9rias de ver\u00e3o - Atividades divertidas para fazer com as crian\u00e7as - My Nametags PT Blog\",\"isPartOf\":{\"@id\":\"https:\/\/www.mynametags.pt\/blog\/#website\"},\"primaryImageOfPage\":{\"@id\":\"https:\/\/www.mynametags.pt\/blog\/ferias-de-verao-atividades-divertidas-para-fazer-com-as-criancas\/#primaryimage\"},\"image\":{\"@id\":\"https:\/\/www.mynametags.pt\/blog\/ferias-de-verao-atividades-divertidas-para-fazer-com-as-criancas\/#primaryimage\"},\"thumbnailUrl\":\"https:\/\/www.mynametags.pt\/blog\/wp-content\/uploads\/2021\/07\/july_blogpost_pt.jpg\",\"datePublished\":\"2021-07-15T11:53:49+00:00\",\"dateModified\":\"2022-06-22T15:05:30+00:00\",\"author\":{\"@id\":\"https:\/\/www.mynametags.pt\/blog\/#\/schema\/person\/b2a0d2a574a114e046034faa34634e21\"},\"description\":\"F\u00e9rias de ver\u00e3o - Atividades divertidas para fazer com as crian\u00e7as\",\"breadcrumb\":{\"@id\":\"https:\/\/www.mynametags.pt\/blog\/ferias-de-verao-atividades-divertidas-para-fazer-com-as-criancas\/#breadcrumb\"},\"inLanguage\":\"en-GB\",\"potentialAction\":[{\"@type\":\"ReadAction\",\"target\":[\"https:\/\/www.mynametags.pt\/blog\/ferias-de-verao-atividades-divertidas-para-fazer-com-as-criancas\/\"]}]},{\"@type\":\"ImageObject\",\"inLanguage\":\"en-GB\",\"@id\":\"https:\/\/www.mynametags.pt\/blog\/ferias-de-verao-atividades-divertidas-para-fazer-com-as-criancas\/#primaryimage\",\"url\":\"https:\/\/www.mynametags.pt\/blog\/wp-content\/uploads\/2021\/07\/july_blogpost_pt.jpg\",\"contentUrl\":\"https:\/\/www.mynametags.pt\/blog\/wp-content\/uploads\/2021\/07\/july_blogpost_pt.jpg\",\"width\":800,\"height\":800},{\"@type\":\"BreadcrumbList\",\"@id\":\"https:\/\/www.mynametags.pt\/blog\/ferias-de-verao-atividades-divertidas-para-fazer-com-as-criancas\/#breadcrumb\",\"itemListElement\":[{\"@type\":\"ListItem\",\"position\":1,\"name\":\"Home\",\"item\":\"https:\/\/www.mynametags.pt\/blog\/\"},{\"@type\":\"ListItem\",\"position\":2,\"name\":\"F\u00e9rias de ver\u00e3o &#8211; Atividades divertidas para fazer com as crian\u00e7as\"}]},{\"@type\":\"WebSite\",\"@id\":\"https:\/\/www.mynametags.pt\/blog\/#website\",\"url\":\"https:\/\/www.mynametags.pt\/blog\/\",\"name\":\"My Nametags PT Blog\",\"description\":\"blog about name labels, name tags and other important matters\",\"potentialAction\":[{\"@type\":\"SearchAction\",\"target\":{\"@type\":\"EntryPoint\",\"urlTemplate\":\"https:\/\/www.mynametags.pt\/blog\/?s={search_term_string}\"},\"query-input\":{\"@type\":\"PropertyValueSpecification\",\"valueRequired\":true,\"valueName\":\"search_term_string\"}}],\"inLanguage\":\"en-GB\"},{\"@type\":\"Person\",\"@id\":\"https:\/\/www.mynametags.pt\/blog\/#\/schema\/person\/b2a0d2a574a114e046034faa34634e21\",\"name\":\"admin\",\"image\":{\"@type\":\"ImageObject\",\"inLanguage\":\"en-GB\",\"@id\":\"https:\/\/www.mynametags.pt\/blog\/#\/schema\/person\/image\/\",\"url\":\"https:\/\/secure.gravatar.com\/avatar\/16344417af214ff5740f24d96a50601e?s=96&d=mm&r=g\",\"contentUrl\":\"https:\/\/secure.gravatar.com\/avatar\/16344417af214ff5740f24d96a50601e?s=96&d=mm&r=g\",\"caption\":\"admin\"},\"url\":\"https:\/\/www.mynametags.pt\/blog\/author\/admin\/\"}]}<\/script>\n<!-- \/ Yoast SEO plugin. -->","yoast_head_json":{"title":"F\u00e9rias de ver\u00e3o - Atividades divertidas para fazer com as crian\u00e7as - My Nametags PT Blog","description":"F\u00e9rias de ver\u00e3o - Atividades divertidas para fazer com as crian\u00e7as","robots":{"index":"index","follow":"follow","max-snippet":"max-snippet:-1","max-image-preview":"max-image-preview:large","max-video-preview":"max-video-preview:-1"},"canonical":"https:\/\/www.mynametags.pt\/blog\/ferias-de-verao-atividades-divertidas-para-fazer-com-as-criancas\/","og_locale":"en_GB","og_type":"article","og_title":"F\u00e9rias de ver\u00e3o - Atividades divertidas para fazer com as crian\u00e7as - My Nametags PT Blog","og_description":"F\u00e9rias de ver\u00e3o - Atividades divertidas para fazer com as crian\u00e7as","og_url":"https:\/\/www.mynametags.pt\/blog\/ferias-de-verao-atividades-divertidas-para-fazer-com-as-criancas\/","og_site_name":"My Nametags PT Blog","article_publisher":"https:\/\/www.facebook.com\/MyNametags","article_published_time":"2021-07-15T11:53:49+00:00","article_modified_time":"2022-06-22T15:05:30+00:00","og_image":[{"width":800,"height":800,"url":"https:\/\/www.mynametags.pt\/blog\/wp-content\/uploads\/2021\/07\/july_blogpost_pt.jpg","type":"image\/jpeg"}],"author":"admin","twitter_card":"summary_large_image","twitter_creator":"@MyNametags","twitter_site":"@MyNametags","twitter_misc":{"Written by":"admin","Estimated reading time":"1 minute"},"schema":{"@context":"https:\/\/schema.org","@graph":[{"@type":"WebPage","@id":"https:\/\/www.mynametags.pt\/blog\/ferias-de-verao-atividades-divertidas-para-fazer-com-as-criancas\/","url":"https:\/\/www.mynametags.pt\/blog\/ferias-de-verao-atividades-divertidas-para-fazer-com-as-criancas\/","name":"F\u00e9rias de ver\u00e3o - Atividades divertidas para fazer com as crian\u00e7as - My Nametags PT Blog","isPartOf":{"@id":"https:\/\/www.mynametags.pt\/blog\/#website"},"primaryImageOfPage":{"@id":"https:\/\/www.mynametags.pt\/blog\/ferias-de-verao-atividades-divertidas-para-fazer-com-as-criancas\/#primaryimage"},"image":{"@id":"https:\/\/www.mynametags.pt\/blog\/ferias-de-verao-atividades-divertidas-para-fazer-com-as-criancas\/#primaryimage"},"thumbnailUrl":"https:\/\/www.mynametags.pt\/blog\/wp-content\/uploads\/2021\/07\/july_blogpost_pt.jpg","datePublished":"2021-07-15T11:53:49+00:00","dateModified":"2022-06-22T15:05:30+00:00","author":{"@id":"https:\/\/www.mynametags.pt\/blog\/#\/schema\/person\/b2a0d2a574a114e046034faa34634e21"},"description":"F\u00e9rias de ver\u00e3o - Atividades divertidas para fazer com as crian\u00e7as","breadcrumb":{"@id":"https:\/\/www.mynametags.pt\/blog\/ferias-de-verao-atividades-divertidas-para-fazer-com-as-criancas\/#breadcrumb"},"inLanguage":"en-GB","potentialAction":[{"@type":"ReadAction","target":["https:\/\/www.mynametags.pt\/blog\/ferias-de-verao-atividades-divertidas-para-fazer-com-as-criancas\/"]}]},{"@type":"ImageObject","inLanguage":"en-GB","@id":"https:\/\/www.mynametags.pt\/blog\/ferias-de-verao-atividades-divertidas-para-fazer-com-as-criancas\/#primaryimage","url":"https:\/\/www.mynametags.pt\/blog\/wp-content\/uploads\/2021\/07\/july_blogpost_pt.jpg","contentUrl":"https:\/\/www.mynametags.pt\/blog\/wp-content\/uploads\/2021\/07\/july_blogpost_pt.jpg","width":800,"height":800},{"@type":"BreadcrumbList","@id":"https:\/\/www.mynametags.pt\/blog\/ferias-de-verao-atividades-divertidas-para-fazer-com-as-criancas\/#breadcrumb","itemListElement":[{"@type":"ListItem","position":1,"name":"Home","item":"https:\/\/www.mynametags.pt\/blog\/"},{"@type":"ListItem","position":2,"name":"F\u00e9rias de ver\u00e3o &#8211; Atividades divertidas para fazer com as crian\u00e7as"}]},{"@type":"WebSite","@id":"https:\/\/www.mynametags.pt\/blog\/#website","url":"https:\/\/www.mynametags.pt\/blog\/","name":"My Nametags PT Blog","description":"blog about name labels, name tags and other important matters","potentialAction":[{"@type":"SearchAction","target":{"@type":"EntryPoint","urlTemplate":"https:\/\/www.mynametags.pt\/blog\/?s={search_term_string}"},"query-input":{"@type":"PropertyValueSpecification","valueRequired":true,"valueName":"search_term_string"}}],"inLanguage":"en-GB"},{"@type":"Person","@id":"https:\/\/www.mynametags.pt\/blog\/#\/schema\/person\/b2a0d2a574a114e046034faa34634e21","name":"admin","image":{"@type":"ImageObject","inLanguage":"en-GB","@id":"https:\/\/www.mynametags.pt\/blog\/#\/schema\/person\/image\/","url":"https:\/\/secure.gravatar.com\/avatar\/16344417af214ff5740f24d96a50601e?s=96&d=mm&r=g","contentUrl":"https:\/\/secure.gravatar.com\/avatar\/16344417af214ff5740f24d96a50601e?s=96&d=mm&r=g","caption":"admin"},"url":"https:\/\/www.mynametags.pt\/blog\/author\/admin\/"}]}},"post_mailing_queue_ids":[],"_links":{"self":[{"href":"https:\/\/www.mynametags.pt\/blog\/wp-json\/wp\/v2\/posts\/1852","targetHints":{"allow":["GET"]}}],"collection":[{"href":"https:\/\/www.mynametags.pt\/blog\/wp-json\/wp\/v2\/posts"}],"about":[{"href":"https:\/\/www.mynametags.pt\/blog\/wp-json\/wp\/v2\/types\/post"}],"author":[{"embeddable":true,"href":"https:\/\/www.mynametags.pt\/blog\/wp-json\/wp\/v2\/users\/1"}],"replies":[{"embeddable":true,"href":"https:\/\/www.mynametags.pt\/blog\/wp-json\/wp\/v2\/comments?post=1852"}],"version-history":[{"count":1,"href":"https:\/\/www.mynametags.pt\/blog\/wp-json\/wp\/v2\/posts\/1852\/revisions"}],"predecessor-version":[{"id":1854,"href":"https:\/\/www.mynametags.pt\/blog\/wp-json\/wp\/v2\/posts\/1852\/revisions\/1854"}],"wp:attachment":[{"href":"https:\/\/www.mynametags.pt\/blog\/wp-json\/wp\/v2\/media?parent=1852"}],"wp:term":[{"taxonomy":"category","embeddable":true,"href":"https:\/\/www.mynametags.pt\/blog\/wp-json\/wp\/v2\/categories?post=1852"},{"taxonomy":"post_tag","embeddable":true,"href":"https:\/\/www.mynametags.pt\/blog\/wp-json\/wp\/v2\/tags?post=1852"}],"curies":[{"name":"wp","href":"https:\/\/api.w.org\/{rel}","templated":true}]}}